{"id":13935,"date":"2026-09-02T10:40:04","date_gmt":"2026-09-02T10:40:04","guid":{"rendered":"https:\/\/blog.revistaderecenzii.com\/?p=13935"},"modified":"2026-09-02T10:40:04","modified_gmt":"2026-09-02T10:40:04","slug":"o-amintire-2","status":"publish","type":"post","link":"https:\/\/blog.revistaderecenzii.com\/index.php\/2026\/09\/02\/o-amintire-2\/","title":{"rendered":"O amintire&#8230;"},"content":{"rendered":"\n<pre class=\"wp-block-verse\"><br>\u00cen ziua cea rece din luna Brumarului,<br>c\u00e2nd m\u0103 \u00eendreptam c\u0103tre serviciu, <br>iar telefonul a sunat, <br>purt\u00e2nd glasul cel plin de odihn\u0103<br>al fostului profesor de-atunci, <br>din anii studen\u021biei:<br>\u201eCafeaua se revars\u0103 \u00een cea\u0219c\u0103\u201d, <br>spunea el cu tihn\u0103 senin\u0103,<br>iar eu r\u00e2vneam la ceasul lui dulce.<br><br>\u200b\u00cens\u0103 acum el nu mai p\u0103\u0219e\u0219te pe sf\u00e2nta \u021b\u0103r\u00e2n\u0103,<br>ci \u00een p\u0103m\u00e2ntul cel negru \u00eei putreze\u0219te trupul <br>lipsit de suflare.<br><br>A r\u0103mas doar amintirea acelei zile <br>\u0219i a altor discu\u021bii purtate la telefon, <br>prin undele aerului liber,<br>c\u00e2nd \u00eemi vorbea cu umor <br>despre p\u0103s\u0103ri ce r\u0103t\u0103ceau peste lac<br>\u0219i despre motanii care vegheau <br>l\u00e2ng\u0103 vetre t\u0103cute.<br><br>\u200bUnde-s acum credincio\u0219ii lui c\u00e2ini?<br>Cine locuie\u0219te azi casa <br>\u00een care el \u00ee\u0219i ducea via\u021ba lini\u0219tit\u0103?<br>Cine \u00eei r\u0103sfoie\u0219te manuscrisele<br>care \u00eenc\u0103 \u00eei p\u0103streaz\u0103 g\u00e2ndul?<br><br>\u200bGrea e lipsa ce-o simt dup\u0103 glasul <br>care s-a stins \u00een morm\u00e2nt,<br>dup\u0103 dest\u0103inuiri care numai la mine <br>g\u0103seau ascultare,<br>precum \u0219i dup\u0103 \u00eencrederea mare, <br>care mie-mi fusese pururea cinste. <\/pre>\n\n\n\n<p class=\"wp-block-paragraph\"><\/p>\n","protected":false},"excerpt":{"rendered":"<p>\u00cen ziua cea rece din luna Brumarului,c\u00e2nd m\u0103 \u00eendreptam c\u0103tre serviciu, iar telefonul a sunat, purt\u00e2nd glasul cel plin de odihn\u0103al fostului profesor de-atunci, din anii studen\u021biei:\u201eCafeaua se revars\u0103 \u00een cea\u0219c\u0103\u201d, spunea el cu tihn\u0103 senin\u0103,iar eu r\u00e2vneam la ceasul lui dulce.\u200b\u00cens\u0103 acum el nu mai p\u0103\u0219e\u0219te pe sf\u00e2nta \u021b\u0103r\u00e2n\u0103,ci \u00een p\u0103m\u00e2ntul cel negru \u00eei &hellip; <a href=\"https:\/\/blog.revistaderecenzii.com\/index.php\/2026\/09\/02\/o-amintire-2\/\" class=\"more-link\">Continu\u0103 lectura <span class=\"screen-reader-text\">O amintire&#8230;<\/span> <span class=\"meta-nav\">&rarr;<\/span><\/a><\/p>\n","protected":false},"author":2,"featured_media":0,"comment_status":"open","ping_status":"open","sticky":false,"template":"","format":"standard","meta":{"footnotes":""},"categories":[1],"tags":[],"class_list":["post-13935","post","type-post","status-publish","format-standard","hentry","category-uncategorized"],"_links":{"self":[{"href":"https:\/\/blog.revistaderecenzii.com\/index.php\/wp-json\/wp\/v2\/posts\/13935","targetHints":{"allow":["GET"]}}],"collection":[{"href":"https:\/\/blog.revistaderecenzii.com\/index.php\/wp-json\/wp\/v2\/posts"}],"about":[{"href":"https:\/\/blog.revistaderecenzii.com\/index.php\/wp-json\/wp\/v2\/types\/post"}],"author":[{"embeddable":true,"href":"https:\/\/blog.revistaderecenzii.com\/index.php\/wp-json\/wp\/v2\/users\/2"}],"replies":[{"embeddable":true,"href":"https:\/\/blog.revistaderecenzii.com\/index.php\/wp-json\/wp\/v2\/comments?post=13935"}],"version-history":[{"count":1,"href":"https:\/\/blog.revistaderecenzii.com\/index.php\/wp-json\/wp\/v2\/posts\/13935\/revisions"}],"predecessor-version":[{"id":13936,"href":"https:\/\/blog.revistaderecenzii.com\/index.php\/wp-json\/wp\/v2\/posts\/13935\/revisions\/13936"}],"wp:attachment":[{"href":"https:\/\/blog.revistaderecenzii.com\/index.php\/wp-json\/wp\/v2\/media?parent=13935"}],"wp:term":[{"taxonomy":"category","embeddable":true,"href":"https:\/\/blog.revistaderecenzii.com\/index.php\/wp-json\/wp\/v2\/categories?post=13935"},{"taxonomy":"post_tag","embeddable":true,"href":"https:\/\/blog.revistaderecenzii.com\/index.php\/wp-json\/wp\/v2\/tags?post=13935"}],"curies":[{"name":"wp","href":"https:\/\/api.w.org\/{rel}","templated":true}]}}