{"id":13956,"date":"2026-09-06T13:50:56","date_gmt":"2026-09-06T13:50:56","guid":{"rendered":"https:\/\/blog.revistaderecenzii.com\/?p=13956"},"modified":"2026-09-06T13:51:43","modified_gmt":"2026-09-06T13:51:43","slug":"taina-de-la-drum","status":"publish","type":"post","link":"https:\/\/blog.revistaderecenzii.com\/index.php\/2026\/09\/06\/taina-de-la-drum\/","title":{"rendered":"Taina de la drum&#8230;"},"content":{"rendered":"\n<pre class=\"wp-block-verse\">Vara, <br>pe la ora 9\u201310 seara, <br>oamenii din mahala se str\u00e2ng la drum, <br>\u00een dreptul unei cur\u021bi cu banc\u0103 la poart\u0103 sau f\u0103r\u0103, <br>dar important e s\u0103 fie \u00eentr-o pozi\u021bie central\u0103: <br>s\u0103 poat\u0103 ajunge \u0219i cei din deal \u0219i cei din vale. <br>S\u0103 fie convenabil pentru toat\u0103 lumea.<br><br>Unele b\u0103tr\u00e2ne aduc p\u0103turi <br>pe care s\u0103 stea at\u00e2t ele, <br>c\u00e2t \u0219i nepoatele. <br>B\u0103ie\u021bii nu suport\u0103 l\u00e2na. <br>\u0218i nici nu avem noi timp <br>s\u0103 z\u0103bovim.<br><br>Luna se trage \u0219i ea mai aproape de noi <br>\u0219i \u00ee\u0219i a\u0219terne o cerg\u0103 de raze calme<br>sub picioare. <br>C\u00e2nd ascult\u0103, <br>\u00ee\u0219i desplete\u0219te p\u0103rul, <br>cu o parte a fe\u021bei \u00eentoars\u0103 spre cosmos, <br>dar nu o bag\u0103 nimeni \u00een seam\u0103...<br><br>\u00cencepe Tumam cel b\u0103tr\u00e2n <br>s\u0103 povesteasc\u0103. <br>Se \u00een\u0219ir\u0103 firele narative \u00een aer, <br>ca venele \u00een corp, <br>\u0219i tot a\u0219a se \u00eencing, <br>precum inima, <br>care c\u00e2teodat\u0103 le mai d\u0103 foc, <br>de la un dor...<br><br>Ce pericol ne pa\u0219te!<br><br>\u201e\u2014 La Ulmul Prodii\u201d, <br>spune b\u0103tr\u00e2nul, <br>\u201ee un \u0219arpe imens. Au trimis \u0219i armata <br>s\u0103-l atace cu tunurile, <br>dar nu a scos atunci, <br>de sub p\u0103m\u00e2nt, <br>capul \u00een niciun fel...<br><br>\u2014 Uite acum\u201d, <br>\u00ee\u0219i sus\u021bine ideea, <br>\u201e\u00eemi povesti Ionel al lui Pia\u021b\u0103, <br>c\u00e2nd veni de din deal\u201d.<br><br>Suntem cu to\u021bii ochi \u0219i urechi. <br>Nu ne mai arde nou\u0103, <br>copiilor veseli, <br>s\u0103 alerg\u0103m unul dup\u0103 altul, <br>s\u0103 ne h\u00e2rjonim ca Nic\u0103, odat\u0103...<br><br>Dup\u0103 ce taina, <br>t\u00e2rziu, <br>se \u00eenchide ca o u\u0219\u0103 spre universurile multiple <br>ale lui Alice, <br>pe mine, cel pu\u021bin, m\u0103 ia cu fric\u0103. <br>Nici nu mai \u00eendr\u0103znesc s\u0103 intru \u00een cas\u0103. <br>O tot descos pe mama <br>despre ceea ce am auzit la tain\u0103.<br><br>Mama r\u00e2de, <br>pentru c\u0103 a intuit exagerarea <br>care s-a istorisit.<\/pre>\n\n\n\n<p class=\"wp-block-paragraph\"><\/p>\n","protected":false},"excerpt":{"rendered":"<p>Vara, pe la ora 9\u201310 seara, oamenii din mahala se str\u00e2ng la drum, \u00een dreptul unei cur\u021bi cu banc\u0103 la poart\u0103 sau f\u0103r\u0103, dar important e s\u0103 fie \u00eentr-o pozi\u021bie central\u0103: s\u0103 poat\u0103 ajunge \u0219i cei din deal \u0219i cei din vale. S\u0103 fie convenabil pentru toat\u0103 lumea.Unele b\u0103tr\u00e2ne aduc p\u0103turi pe care s\u0103 stea &hellip; <a href=\"https:\/\/blog.revistaderecenzii.com\/index.php\/2026\/09\/06\/taina-de-la-drum\/\" class=\"more-link\">Continu\u0103 lectura <span class=\"screen-reader-text\">Taina de la drum&#8230;<\/span> <span class=\"meta-nav\">&rarr;<\/span><\/a><\/p>\n","protected":false},"author":2,"featured_media":0,"comment_status":"open","ping_status":"open","sticky":false,"template":"","format":"standard","meta":{"footnotes":""},"categories":[1],"tags":[],"class_list":["post-13956","post","type-post","status-publish","format-standard","hentry","category-uncategorized"],"_links":{"self":[{"href":"https:\/\/blog.revistaderecenzii.com\/index.php\/wp-json\/wp\/v2\/posts\/13956","targetHints":{"allow":["GET"]}}],"collection":[{"href":"https:\/\/blog.revistaderecenzii.com\/index.php\/wp-json\/wp\/v2\/posts"}],"about":[{"href":"https:\/\/blog.revistaderecenzii.com\/index.php\/wp-json\/wp\/v2\/types\/post"}],"author":[{"embeddable":true,"href":"https:\/\/blog.revistaderecenzii.com\/index.php\/wp-json\/wp\/v2\/users\/2"}],"replies":[{"embeddable":true,"href":"https:\/\/blog.revistaderecenzii.com\/index.php\/wp-json\/wp\/v2\/comments?post=13956"}],"version-history":[{"count":2,"href":"https:\/\/blog.revistaderecenzii.com\/index.php\/wp-json\/wp\/v2\/posts\/13956\/revisions"}],"predecessor-version":[{"id":13959,"href":"https:\/\/blog.revistaderecenzii.com\/index.php\/wp-json\/wp\/v2\/posts\/13956\/revisions\/13959"}],"wp:attachment":[{"href":"https:\/\/blog.revistaderecenzii.com\/index.php\/wp-json\/wp\/v2\/media?parent=13956"}],"wp:term":[{"taxonomy":"category","embeddable":true,"href":"https:\/\/blog.revistaderecenzii.com\/index.php\/wp-json\/wp\/v2\/categories?post=13956"},{"taxonomy":"post_tag","embeddable":true,"href":"https:\/\/blog.revistaderecenzii.com\/index.php\/wp-json\/wp\/v2\/tags?post=13956"}],"curies":[{"name":"wp","href":"https:\/\/api.w.org\/{rel}","templated":true}]}}